{"id":170,"date":"2017-05-06T19:00:31","date_gmt":"2017-05-06T18:00:31","guid":{"rendered":"http:\/\/www.danslalune.fr\/onim\/?p=170"},"modified":"2021-12-01T17:09:33","modified_gmt":"2021-12-01T16:09:33","slug":"la-patissiere-et-le-boucher","status":"publish","type":"post","link":"https:\/\/www.danslalune.fr\/onim\/la-patissiere-et-le-boucher\/","title":{"rendered":"La p\u00e2tissi\u00e8re et le boucher"},"content":{"rendered":"\n<p>On conna\u00eet les bouchers face aux p\u00e2tissi\u00e8res<br \/>Deux clans qui se toisent&#8230; mais \u00e7a, c&rsquo;\u00e9tait hier<\/p>\n\n\n\n<p>Notre boucher du jour&nbsp;a regard\u00e9 longtemps<br \/>La p\u00e2tissi\u00e8re en face en a fait tout autant<\/p>\n\n\n\n<p>Elle p\u00e9trissait la p\u00e2te sans se faire app\u00e2ter<br \/>Lui y pensait souvent en faisant du p\u00e2t\u00e9 :<\/p>\n\n\n\n<p>\u00ab\u00a0Si je lui parle, je risque de me viander !\u00a0\u00bb<br \/>Se disait le boucher, voulant l&rsquo;appr\u00e9hender.<\/p>\n\n\n\n<p>\u00ab\u00a0Si il me parle, je risque de me gaufrer !\u00a0\u00bb<br \/>Pensait la p\u00e2tissi\u00e8re, et les gaufres, c&rsquo;est sacr\u00e9 !<\/p>\n\n\n\n<p>Au final, ils finirent par tailler une bavette<br \/>Mirent la main \u00e0 la p\u00e2te et firent la navette<\/p>\n\n\n\n<p>Qui mieux qu&rsquo;une p\u00e2tissi\u00e8re pouvait enfariner<br \/>Un boucher au coeur fort attendri in fine<\/p>\n\n\n\n<p>Qui d&rsquo;autre qu&rsquo;un boucher aurait pu couper court<br \/>Au paroles inutiles et lui faire la cour<\/p>\n\n\n\n<p>Ainsi nous voici l\u00e0, bouteilles d\u00e9bouch\u00e9es<br \/>Ce n&rsquo;est pas d&rsquo;la tarte de marier un boucher<\/p>\n","protected":false},"excerpt":{"rendered":"<p>On conna\u00eet les bouchers face aux p\u00e2tissi\u00e8resDeux clans qui se toisent&#8230; mais \u00e7a, c&rsquo;\u00e9tait hier Notre boucher du jour&nbsp;a regard\u00e9 longtempsLa p\u00e2tissi\u00e8re en face en a fait tout autant Elle p\u00e9trissait la p\u00e2te sans se faire app\u00e2terLui y pensait souvent en faisant du p\u00e2t\u00e9 : \u00ab\u00a0Si je lui parle, je risque de me viander !\u00a0\u00bbSe &hellip; <a href=\"https:\/\/www.danslalune.fr\/onim\/la-patissiere-et-le-boucher\/\" class=\"more-link\">Continuer la lecture de <span class=\"screen-reader-text\">La p\u00e2tissi\u00e8re et le boucher<\/span><\/a><\/p>\n","protected":false},"author":1,"featured_media":0,"comment_status":"open","ping_status":"open","sticky":false,"template":"","format":"standard","meta":{"footnotes":""},"categories":[31,7,11],"tags":[],"class_list":["post-170","post","type-post","status-publish","format-standard","hentry","category-alexandrins","category-dedicace","category-distiques"],"yoast_head":"<!-- This site is optimized with the Yoast SEO plugin v27.5 - https:\/\/yoast.com\/product\/yoast-seo-wordpress\/ -->\n<title>La p\u00e2tissi\u00e8re et le boucher - Les po\u00e8mes de l&#039;\u00e2ne On\u00eem<\/title>\n<meta name=\"robots\" content=\"index, follow, max-snippet:-1, max-image-preview:large, max-video-preview:-1\" \/>\n<link rel=\"canonical\" href=\"https:\/\/www.danslalune.fr\/onim\/la-patissiere-et-le-boucher\/\" \/>\n<meta property=\"og:locale\" content=\"fr_FR\" \/>\n<meta property=\"og:type\" content=\"article\" \/>\n<meta property=\"og:title\" content=\"La p\u00e2tissi\u00e8re et le boucher - Les po\u00e8mes de l&#039;\u00e2ne On\u00eem\" \/>\n<meta property=\"og:description\" content=\"On conna\u00eet les bouchers face aux p\u00e2tissi\u00e8resDeux clans qui se toisent&#8230; mais \u00e7a, c&rsquo;\u00e9tait hier Notre boucher du jour&nbsp;a regard\u00e9 longtempsLa p\u00e2tissi\u00e8re en face en a fait tout autant Elle p\u00e9trissait la p\u00e2te sans se faire app\u00e2terLui y pensait souvent en faisant du p\u00e2t\u00e9 : \u00ab\u00a0Si je lui parle, je risque de me viander !\u00a0\u00bbSe &hellip; Continuer la lecture de La p\u00e2tissi\u00e8re et le boucher\" \/>\n<meta property=\"og:url\" content=\"https:\/\/www.danslalune.fr\/onim\/la-patissiere-et-le-boucher\/\" \/>\n<meta property=\"og:site_name\" content=\"Les po\u00e8mes de l&#039;\u00e2ne On\u00eem\" \/>\n<meta property=\"article:published_time\" content=\"2017-05-06T18:00:31+00:00\" \/>\n<meta property=\"article:modified_time\" content=\"2021-12-01T16:09:33+00:00\" \/>\n<meta name=\"author\" content=\"On\u00eem\" \/>\n<meta name=\"twitter:card\" content=\"summary_large_image\" \/>\n<meta name=\"twitter:label1\" content=\"\u00c9crit par\" \/>\n\t<meta name=\"twitter:data1\" content=\"On\u00eem\" \/>\n\t<meta name=\"twitter:label2\" content=\"Dur\u00e9e de lecture estim\u00e9e\" \/>\n\t<meta name=\"twitter:data2\" content=\"1 minute\" \/>\n<script type=\"application\/ld+json\" class=\"yoast-schema-graph\">{\"@context\":\"https:\\\/\\\/schema.org\",\"@graph\":[{\"@type\":\"Article\",\"@id\":\"https:\\\/\\\/www.danslalune.fr\\\/onim\\\/la-patissiere-et-le-boucher\\\/#article\",\"isPartOf\":{\"@id\":\"https:\\\/\\\/www.danslalune.fr\\\/onim\\\/la-patissiere-et-le-boucher\\\/\"},\"author\":{\"name\":\"On\u00eem\",\"@id\":\"https:\\\/\\\/www.danslalune.fr\\\/onim\\\/#\\\/schema\\\/person\\\/d19cfec6411fe0e9d73fd0994901cc24\"},\"headline\":\"La p\u00e2tissi\u00e8re et le boucher\",\"datePublished\":\"2017-05-06T18:00:31+00:00\",\"dateModified\":\"2021-12-01T16:09:33+00:00\",\"mainEntityOfPage\":{\"@id\":\"https:\\\/\\\/www.danslalune.fr\\\/onim\\\/la-patissiere-et-le-boucher\\\/\"},\"wordCount\":161,\"commentCount\":0,\"publisher\":{\"@id\":\"https:\\\/\\\/www.danslalune.fr\\\/onim\\\/#\\\/schema\\\/person\\\/d19cfec6411fe0e9d73fd0994901cc24\"},\"articleSection\":[\"Alexandrins\",\"D\u00e9dicace\",\"Distiques\"],\"inLanguage\":\"fr-FR\",\"potentialAction\":[{\"@type\":\"CommentAction\",\"name\":\"Comment\",\"target\":[\"https:\\\/\\\/www.danslalune.fr\\\/onim\\\/la-patissiere-et-le-boucher\\\/#respond\"]}]},{\"@type\":\"WebPage\",\"@id\":\"https:\\\/\\\/www.danslalune.fr\\\/onim\\\/la-patissiere-et-le-boucher\\\/\",\"url\":\"https:\\\/\\\/www.danslalune.fr\\\/onim\\\/la-patissiere-et-le-boucher\\\/\",\"name\":\"La p\u00e2tissi\u00e8re et le boucher - Les po\u00e8mes de l&#039;\u00e2ne On\u00eem\",\"isPartOf\":{\"@id\":\"https:\\\/\\\/www.danslalune.fr\\\/onim\\\/#website\"},\"datePublished\":\"2017-05-06T18:00:31+00:00\",\"dateModified\":\"2021-12-01T16:09:33+00:00\",\"breadcrumb\":{\"@id\":\"https:\\\/\\\/www.danslalune.fr\\\/onim\\\/la-patissiere-et-le-boucher\\\/#breadcrumb\"},\"inLanguage\":\"fr-FR\",\"potentialAction\":[{\"@type\":\"ReadAction\",\"target\":[\"https:\\\/\\\/www.danslalune.fr\\\/onim\\\/la-patissiere-et-le-boucher\\\/\"]}]},{\"@type\":\"BreadcrumbList\",\"@id\":\"https:\\\/\\\/www.danslalune.fr\\\/onim\\\/la-patissiere-et-le-boucher\\\/#breadcrumb\",\"itemListElement\":[{\"@type\":\"ListItem\",\"position\":1,\"name\":\"Accueil\",\"item\":\"https:\\\/\\\/www.danslalune.fr\\\/onim\\\/\"},{\"@type\":\"ListItem\",\"position\":2,\"name\":\"La p\u00e2tissi\u00e8re et le boucher\"}]},{\"@type\":\"WebSite\",\"@id\":\"https:\\\/\\\/www.danslalune.fr\\\/onim\\\/#website\",\"url\":\"https:\\\/\\\/www.danslalune.fr\\\/onim\\\/\",\"name\":\"Les po\u00e8mes de l'\u00e2ne On\u00eem\",\"description\":\"~ pas d&#039;quoi en faire un foin ~\",\"publisher\":{\"@id\":\"https:\\\/\\\/www.danslalune.fr\\\/onim\\\/#\\\/schema\\\/person\\\/d19cfec6411fe0e9d73fd0994901cc24\"},\"potentialAction\":[{\"@type\":\"SearchAction\",\"target\":{\"@type\":\"EntryPoint\",\"urlTemplate\":\"https:\\\/\\\/www.danslalune.fr\\\/onim\\\/?s={search_term_string}\"},\"query-input\":{\"@type\":\"PropertyValueSpecification\",\"valueRequired\":true,\"valueName\":\"search_term_string\"}}],\"inLanguage\":\"fr-FR\"},{\"@type\":[\"Person\",\"Organization\"],\"@id\":\"https:\\\/\\\/www.danslalune.fr\\\/onim\\\/#\\\/schema\\\/person\\\/d19cfec6411fe0e9d73fd0994901cc24\",\"name\":\"On\u00eem\",\"logo\":{\"@id\":\"https:\\\/\\\/www.danslalune.fr\\\/onim\\\/#\\\/schema\\\/person\\\/image\\\/\"},\"sameAs\":[\"http:\\\/\\\/stephanedupas.com\"],\"url\":\"https:\\\/\\\/www.danslalune.fr\\\/onim\\\/author\\\/admin\\\/\"}]}<\/script>\n<!-- \/ Yoast SEO plugin. -->","yoast_head_json":{"title":"La p\u00e2tissi\u00e8re et le boucher - Les po\u00e8mes de l&#039;\u00e2ne On\u00eem","robots":{"index":"index","follow":"follow","max-snippet":"max-snippet:-1","max-image-preview":"max-image-preview:large","max-video-preview":"max-video-preview:-1"},"canonical":"https:\/\/www.danslalune.fr\/onim\/la-patissiere-et-le-boucher\/","og_locale":"fr_FR","og_type":"article","og_title":"La p\u00e2tissi\u00e8re et le boucher - Les po\u00e8mes de l&#039;\u00e2ne On\u00eem","og_description":"On conna\u00eet les bouchers face aux p\u00e2tissi\u00e8resDeux clans qui se toisent&#8230; mais \u00e7a, c&rsquo;\u00e9tait hier Notre boucher du jour&nbsp;a regard\u00e9 longtempsLa p\u00e2tissi\u00e8re en face en a fait tout autant Elle p\u00e9trissait la p\u00e2te sans se faire app\u00e2terLui y pensait souvent en faisant du p\u00e2t\u00e9 : \u00ab\u00a0Si je lui parle, je risque de me viander !\u00a0\u00bbSe &hellip; Continuer la lecture de La p\u00e2tissi\u00e8re et le boucher","og_url":"https:\/\/www.danslalune.fr\/onim\/la-patissiere-et-le-boucher\/","og_site_name":"Les po\u00e8mes de l&#039;\u00e2ne On\u00eem","article_published_time":"2017-05-06T18:00:31+00:00","article_modified_time":"2021-12-01T16:09:33+00:00","author":"On\u00eem","twitter_card":"summary_large_image","twitter_misc":{"\u00c9crit par":"On\u00eem","Dur\u00e9e de lecture estim\u00e9e":"1 minute"},"schema":{"@context":"https:\/\/schema.org","@graph":[{"@type":"Article","@id":"https:\/\/www.danslalune.fr\/onim\/la-patissiere-et-le-boucher\/#article","isPartOf":{"@id":"https:\/\/www.danslalune.fr\/onim\/la-patissiere-et-le-boucher\/"},"author":{"name":"On\u00eem","@id":"https:\/\/www.danslalune.fr\/onim\/#\/schema\/person\/d19cfec6411fe0e9d73fd0994901cc24"},"headline":"La p\u00e2tissi\u00e8re et le boucher","datePublished":"2017-05-06T18:00:31+00:00","dateModified":"2021-12-01T16:09:33+00:00","mainEntityOfPage":{"@id":"https:\/\/www.danslalune.fr\/onim\/la-patissiere-et-le-boucher\/"},"wordCount":161,"commentCount":0,"publisher":{"@id":"https:\/\/www.danslalune.fr\/onim\/#\/schema\/person\/d19cfec6411fe0e9d73fd0994901cc24"},"articleSection":["Alexandrins","D\u00e9dicace","Distiques"],"inLanguage":"fr-FR","potentialAction":[{"@type":"CommentAction","name":"Comment","target":["https:\/\/www.danslalune.fr\/onim\/la-patissiere-et-le-boucher\/#respond"]}]},{"@type":"WebPage","@id":"https:\/\/www.danslalune.fr\/onim\/la-patissiere-et-le-boucher\/","url":"https:\/\/www.danslalune.fr\/onim\/la-patissiere-et-le-boucher\/","name":"La p\u00e2tissi\u00e8re et le boucher - Les po\u00e8mes de l&#039;\u00e2ne On\u00eem","isPartOf":{"@id":"https:\/\/www.danslalune.fr\/onim\/#website"},"datePublished":"2017-05-06T18:00:31+00:00","dateModified":"2021-12-01T16:09:33+00:00","breadcrumb":{"@id":"https:\/\/www.danslalune.fr\/onim\/la-patissiere-et-le-boucher\/#breadcrumb"},"inLanguage":"fr-FR","potentialAction":[{"@type":"ReadAction","target":["https:\/\/www.danslalune.fr\/onim\/la-patissiere-et-le-boucher\/"]}]},{"@type":"BreadcrumbList","@id":"https:\/\/www.danslalune.fr\/onim\/la-patissiere-et-le-boucher\/#breadcrumb","itemListElement":[{"@type":"ListItem","position":1,"name":"Accueil","item":"https:\/\/www.danslalune.fr\/onim\/"},{"@type":"ListItem","position":2,"name":"La p\u00e2tissi\u00e8re et le boucher"}]},{"@type":"WebSite","@id":"https:\/\/www.danslalune.fr\/onim\/#website","url":"https:\/\/www.danslalune.fr\/onim\/","name":"Les po\u00e8mes de l'\u00e2ne On\u00eem","description":"~ pas d&#039;quoi en faire un foin ~","publisher":{"@id":"https:\/\/www.danslalune.fr\/onim\/#\/schema\/person\/d19cfec6411fe0e9d73fd0994901cc24"},"potentialAction":[{"@type":"SearchAction","target":{"@type":"EntryPoint","urlTemplate":"https:\/\/www.danslalune.fr\/onim\/?s={search_term_string}"},"query-input":{"@type":"PropertyValueSpecification","valueRequired":true,"valueName":"search_term_string"}}],"inLanguage":"fr-FR"},{"@type":["Person","Organization"],"@id":"https:\/\/www.danslalune.fr\/onim\/#\/schema\/person\/d19cfec6411fe0e9d73fd0994901cc24","name":"On\u00eem","logo":{"@id":"https:\/\/www.danslalune.fr\/onim\/#\/schema\/person\/image\/"},"sameAs":["http:\/\/stephanedupas.com"],"url":"https:\/\/www.danslalune.fr\/onim\/author\/admin\/"}]}},"_links":{"self":[{"href":"https:\/\/www.danslalune.fr\/onim\/wp-json\/wp\/v2\/posts\/170","targetHints":{"allow":["GET"]}}],"collection":[{"href":"https:\/\/www.danslalune.fr\/onim\/wp-json\/wp\/v2\/posts"}],"about":[{"href":"https:\/\/www.danslalune.fr\/onim\/wp-json\/wp\/v2\/types\/post"}],"author":[{"embeddable":true,"href":"https:\/\/www.danslalune.fr\/onim\/wp-json\/wp\/v2\/users\/1"}],"replies":[{"embeddable":true,"href":"https:\/\/www.danslalune.fr\/onim\/wp-json\/wp\/v2\/comments?post=170"}],"version-history":[{"count":9,"href":"https:\/\/www.danslalune.fr\/onim\/wp-json\/wp\/v2\/posts\/170\/revisions"}],"predecessor-version":[{"id":260,"href":"https:\/\/www.danslalune.fr\/onim\/wp-json\/wp\/v2\/posts\/170\/revisions\/260"}],"wp:attachment":[{"href":"https:\/\/www.danslalune.fr\/onim\/wp-json\/wp\/v2\/media?parent=170"}],"wp:term":[{"taxonomy":"category","embeddable":true,"href":"https:\/\/www.danslalune.fr\/onim\/wp-json\/wp\/v2\/categories?post=170"},{"taxonomy":"post_tag","embeddable":true,"href":"https:\/\/www.danslalune.fr\/onim\/wp-json\/wp\/v2\/tags?post=170"}],"curies":[{"name":"wp","href":"https:\/\/api.w.org\/{rel}","templated":true}]}}